{"id":2377,"date":"2020-04-14T08:02:17","date_gmt":"2020-04-14T07:02:17","guid":{"rendered":"http:\/\/zirzip.szczecin.pl\/?p=2377"},"modified":"2020-04-28T14:08:44","modified_gmt":"2020-04-28T13:08:44","slug":"dodatkowy-zasilek-opiekunczy-12-03-08-10-2020-w-zwiazku-z-covid-19","status":"publish","type":"post","link":"https:\/\/zirzip.szczecin.pl\/?p=2377","title":{"rendered":"Dodatkowy zasi\u0142ek opieku\u0144czy przed\u0142u\u017cony do 03.05.2020, w zwi\u0105zku z COVID-19"},"content":{"rendered":"<p>Wyd\u0142u\u017cono okres dodatkowego zasi\u0142ku opieku\u0144czego <strong>&#8211; do 03.05.2020r.<br \/>\n<\/strong>Przys\u0142uguje on osobie obj\u0119tej ubezpieczeniem chorobowym (np. z umowy o prac\u0119, umowy zlecenia, dzia\u0142alno\u015bci gospodarczej) zwolnionej z pracy, kt\u00f3ra musi zaj\u0105\u0107 si\u0119 dzieckiem<br \/>\nw wieku do lat 8 z powodu zamkni\u0119cia \u017c\u0142obka, klubu dzieci\u0119cego, przedszkola lub szko\u0142y<br \/>\nw zwi\u0105zku z COVID-19.<br \/>\nOsoby, kt\u00f3re przed uchwaleniem nowych przepis\u00f3w z\u0142o\u017cy\u0142y ju\u017c o\u015bwiadczenie do wyp\u0142aty tego zasi\u0142ku nie musz\u0105 go sk\u0142ada\u0107 ponownie. Na jego podstawie otrzymaj\u0105 zasi\u0142ek za dalszy okres.<br \/>\n<!--more--><br \/>\nPrzyj\u0119te 31 marca br. przepisy wprowadzi\u0142y zmiany dotycz\u0105ce dodatkowego\u00a0 zasi\u0142ku opieku\u0144czego.<br \/>\nZmiany te polegaj\u0105 na:<br \/>\n&#8211; wyd\u0142u\u017ceniu o kolejne dni okresu, przez kt\u00f3ry przys\u0142uguje dodatkowy zasi\u0142ek opieku\u0144czy,<br \/>\n&#8211; przyznaniu prawa do tego zasi\u0142ku rodzicom dzieci niepe\u0142nosprawnych w wieku powy\u017cej 8 lat.<\/p>\n<p>Ubezpieczony rodzic dziecka, kt\u00f3ry opiekuje si\u0119 dzieckiem do lat 8, z powodu zamkni\u0119cia \u017c\u0142obka, klubu dzieci\u0119cego, przedszkola lub szko\u0142y w zwi\u0105zku z COVID-19, mo\u017ce otrzyma\u0107 dodatkowy zasi\u0142ek opieku\u0144czy przez kolejny okres.\u00a0 Od 26 marca 2020 r. z dodatkowego zasi\u0142ku opieku\u0144czego mog\u0105 skorzysta\u0107 nie tylko rodzice, kt\u00f3rych dziecko ucz\u0119szcza\u0142o do \u017c\u0142obka, klubu dzieci\u0119cego, przedszkola lub szko\u0142y, ale tak\u017ce rodzice, kt\u00f3rych dzieckiem opiekowa\u0142a si\u0119 <u>\u201eniania\u201d (z kt\u00f3r\u0105 rodzice zawarli umow\u0119 uaktywniaj\u0105c\u0105)<\/u> albo <u>dzienny opiekun<\/u>, je\u015bli z powodu COVID-19 nie mog\u0105 opiekowa\u0107 si\u0119 dzieckiem.<br \/>\nRozszerzono uprawnienia na rodzic\u00f3w dzieci niepe\u0142nosprawnych<\/p>\n<p><strong>Jak uzyska\u0107 dodatkowy zasi\u0142ek opieku\u0144czy?<br \/>\n<\/strong><span style=\"color: #800000;\"><strong><span style=\"color: #000080;\">PRACOWNICY<\/span><br \/>\n<\/strong><\/span>Aby otrzyma\u0107 dodatkowy zasi\u0142ek opieku\u0144czy wystarczy z\u0142o\u017cy\u0107 u swojego p\u0142atnika sk\u0142adek, np. pracodawcy, zleceniodawcy o\u015bwiadczenie o sprawowaniu opieki nad dzieckiem &#8211;<u><a href=\"https:\/\/zirzip.szczecin.pl\/wp-content\/uploads\/2020\/04\/O\u015bwiadczenie-o-sprawowaniu-opieki.docx\"><span style=\"color: #800000;\"><strong> POBIERZ<\/strong><\/span><\/a>. <\/u>Osoby prowadz\u0105ce dzia\u0142alno\u015b\u0107 pozarolnicz\u0105 sk\u0142adaj\u0105 o\u015bwiadczenie w ZUS \u0142\u0105cznie z dokumentem Z-3 &#8211; <a href=\"https:\/\/zirzip.szczecin.pl\/wp-content\/uploads\/2020\/04\/Z-3.pdf\"><span style=\"color: #800000;\"><strong>POBIERZ<\/strong><\/span><\/a>.\u00a0O\u015bwiadczenie mo\u017cna z\u0142o\u017cy\u0107 w dowolnym momencie, ale trzeba je z\u0142o\u017cy\u0107, bo bez niego ZUS albo p\u0142atnik sk\u0142adek nie wyp\u0142aci zasi\u0142ku.<br \/>\nOsoby, kt\u00f3re przed uchwaleniem nowych przepis\u00f3w z\u0142o\u017cy\u0142y ju\u017c o\u015bwiadczenie do wyp\u0142aty tego zasi\u0142ku nie musz\u0105 go sk\u0142ada\u0107 ponownie. Na jego podstawie otrzymaj\u0105 zasi\u0142ek za dalszy okres.<\/p>\n<p><span style=\"color: #800000;\"><strong><span style=\"color: #000080;\">PRACODAWCY<\/span><br \/>\n<\/strong><\/span>Osoby prowadz\u0105ce dzia\u0142alno\u015b\u0107 pozarolnicz\u0105 i osoby z nimi wsp\u00f3\u0142pracuj\u0105ce sk\u0142adaj\u0105 tylko<br \/>\ni wy\u0142\u0105cznie o\u015bwiadczenie w ZUS \u2013 <a href=\"https:\/\/zirzip.szczecin.pl\/wp-content\/uploads\/2020\/04\/ZAS-58_do-zapisu.pdf\"><strong><span style=\"color: #800000;\">POBIERZ. <\/span><\/strong><\/a>Jest to jedyny dokument, na kt\u00f3rego podstawie zostanie wyp\u0142acone \u015bwiadczenie.<\/p>\n<p>Osobom, kt\u00f3re z\u0142o\u017cy\u0142y wniosek o zasi\u0142ek opieku\u0144czy na og\u00f3lnych zasadach, wniosek \u00a0taki b\u0119dzie potraktowany \u00a0jako wniosek o dodatkowy zasi\u0142ek opieku\u0144czy na dalszy okres. B\u0119dzie to oznacza\u0142o, \u017ce okres przyznanego zasi\u0142ku opieku\u0144czego, nie b\u0119dzie uwzgl\u0119dniany do limitu 60 dni, natomiast b\u0119dzie wliczony do limitu kolejnych dni, przez kt\u00f3ry przys\u0142uguje dodatkowy zasi\u0142ek opieku\u0144czy.<\/p>\n<p>Trzeba pami\u0119ta\u0107, \u017ce nie zmieni\u0142y si\u0119 zasady przys\u0142ugiwania dodatkowego zasi\u0142ku opieku\u0144czego. Zasi\u0142ek w dodatkowym wymiarze przys\u0142uguje \u0142\u0105cznie obojgu rodzicom, niezale\u017cnie od liczby dzieci, kt\u00f3re wymagaj\u0105 opieki. Zasi\u0142ek ten nie przys\u0142uguje, je\u015bli drugi<br \/>\nz rodzic\u00f3w dziecka mo\u017ce zapewni\u0107 dziecku opiek\u0119 (np. jest bezrobotny, korzysta z urlopu rodzicielskiego, czy urlopu wychowawczego).<\/p>\n<p>Dodatkowego zasi\u0142ku nie wlicza si\u0119 do limitu 60 dni zasi\u0142ku opieku\u0144czego w roku kalendarzowym przyznawanego na tzw. og\u00f3lnych zasadach.<\/p>\n","protected":false},"excerpt":{"rendered":"<p>Wyd\u0142u\u017cono okres dodatkowego zasi\u0142ku opieku\u0144czego &#8211; do 03.05.2020r. Przys\u0142uguje on osobie obj\u0119tej ubezpieczeniem chorobowym (np. z umowy o prac\u0119, umowy zlecenia, dzia\u0142alno\u015bci gospodarczej) zwolnionej z pracy, kt\u00f3ra musi zaj\u0105\u0107 si\u0119 dzieckiem w wieku do lat 8 z powodu zamkni\u0119cia \u017c\u0142obka, klubu dzieci\u0119cego, przedszkola lub szko\u0142y w zwi\u0105zku z COVID-19. Osoby, kt\u00f3re przed uchwaleniem nowych przepis\u00f3w&hellip; <a class=\"more-link\" href=\"https:\/\/zirzip.szczecin.pl\/?p=2377\">Czytaj dalej <span class=\"screen-reader-text\">Dodatkowy zasi\u0142ek opieku\u0144czy przed\u0142u\u017cony do 03.05.2020, w zwi\u0105zku z COVID-19<\/span><\/a><\/p>\n","protected":false},"author":5,"featured_media":0,"comment_status":"closed","ping_status":"open","sticky":false,"template":"","format":"standard","meta":{"_jetpack_memberships_contains_paid_content":false,"footnotes":""},"categories":[1],"tags":[],"class_list":["post-2377","post","type-post","status-publish","format-standard","hentry","category-uncategorized","entry"],"jetpack_featured_media_url":"","jetpack_sharing_enabled":true,"jetpack_shortlink":"https:\/\/wp.me\/p9F7U6-Cl","_links":{"self":[{"href":"https:\/\/zirzip.szczecin.pl\/index.php?rest_route=\/wp\/v2\/posts\/2377","targetHints":{"allow":["GET"]}}],"collection":[{"href":"https:\/\/zirzip.szczecin.pl\/index.php?rest_route=\/wp\/v2\/posts"}],"about":[{"href":"https:\/\/zirzip.szczecin.pl\/index.php?rest_route=\/wp\/v2\/types\/post"}],"author":[{"embeddable":true,"href":"https:\/\/zirzip.szczecin.pl\/index.php?rest_route=\/wp\/v2\/users\/5"}],"replies":[{"embeddable":true,"href":"https:\/\/zirzip.szczecin.pl\/index.php?rest_route=%2Fwp%2Fv2%2Fcomments&post=2377"}],"version-history":[{"count":7,"href":"https:\/\/zirzip.szczecin.pl\/index.php?rest_route=\/wp\/v2\/posts\/2377\/revisions"}],"predecessor-version":[{"id":2388,"href":"https:\/\/zirzip.szczecin.pl\/index.php?rest_route=\/wp\/v2\/posts\/2377\/revisions\/2388"}],"wp:attachment":[{"href":"https:\/\/zirzip.szczecin.pl\/index.php?rest_route=%2Fwp%2Fv2%2Fmedia&parent=2377"}],"wp:term":[{"taxonomy":"category","embeddable":true,"href":"https:\/\/zirzip.szczecin.pl\/index.php?rest_route=%2Fwp%2Fv2%2Fcategories&post=2377"},{"taxonomy":"post_tag","embeddable":true,"href":"https:\/\/zirzip.szczecin.pl\/index.php?rest_route=%2Fwp%2Fv2%2Ftags&post=2377"}],"curies":[{"name":"wp","href":"https:\/\/api.w.org\/{rel}","templated":true}]}}